[{"@context":"https:\/\/schema.org\/","@type":"Article","@id":"https:\/\/www.deina.sk\/nepodajme-sa-k-alergii-bojujme\/#Article","mainEntityOfPage":"https:\/\/www.deina.sk\/nepodajme-sa-k-alergii-bojujme\/","headline":"Nepodajme sa k alergii bojujme","name":"Nepodajme sa k alergii bojujme","description":"Ne\u017e za\u010dnem sa p\u00edsa\u0165 o t\u00e9me je to ako beh na dlh\u00e9 trate. S\u00edce je dnes slne\u010dno celkom fajn teplo &hellip; ","datePublished":"2023-06-30","dateModified":"2024-04-30","author":{"@type":"Person","@id":"https:\/\/www.deina.sk\/author\/#Person","name":"","url":"https:\/\/www.deina.sk\/author\/","identifier":1,"image":{"@type":"ImageObject","@id":"https:\/\/secure.gravatar.com\/avatar\/aa13f0f1a5b61a2deba1492ce3bb4afe8e77d91eeb44c23db0ee08765a93abad?s=96&d=mm&r=g","url":"https:\/\/secure.gravatar.com\/avatar\/aa13f0f1a5b61a2deba1492ce3bb4afe8e77d91eeb44c23db0ee08765a93abad?s=96&d=mm&r=g","height":96,"width":96}},"publisher":{"@type":"Organization","name":"deina.sk","logo":{"@type":"ImageObject","@id":"\/logo.png","url":"\/logo.png","width":600,"height":60}},"image":{"@type":"ImageObject","@id":"https:\/\/www.deina.sk\/wp-content\/uploads\/stop-4170309_640_1.jpg","url":"https:\/\/www.deina.sk\/wp-content\/uploads\/stop-4170309_640_1.jpg","height":0,"width":0},"url":"https:\/\/www.deina.sk\/nepodajme-sa-k-alergii-bojujme\/","about":["\u0160port"],"wordCount":582,"articleBody":"Ne\u017e za\u010dnem sa p\u00edsa\u0165 o t\u00e9me je to ako beh na dlh\u00e9 trate. S\u00edce je dnes slne\u010dno celkom fajn teplo . Je nede\u013ea ka\u017ed\u00fd je zalezen\u00fd vo vn\u00fatri tak my\u0161. Nech\u00e1pem \u013eud\u00ed \u010do tr\u010dia len vo vn\u00fatri des. Je hrozne \u010do sme to za \u013eud\u00ed. Priebehom ak\u00fdm sa smerujeme uber\u00e1me sa. Let\u00edme do hlb\u00edn do priepasti chor\u00f4b . Ve\u013ea \u013eud\u00ed sa prejed\u00e1 sme z\u00e1visl\u00ed na jedle ako kobylky. Ne\u010dudujem sa \u017ee je to\u013eko zbyto\u010dn\u00fdch chor\u00f4b aj potraviny s\u00fa sam\u00ed alerg\u00e9n. Je vedecky dok\u00e1zan\u00e9 \u017ee od lepku sa priber\u00e1 . Ja som lepok vyl\u00fa\u010dila u\u017e pred rokmi m\u00e1m siln\u00fa alergiu. V\u017edy som sa vys\u00fdpala vyr\u00e1\u017eky tie\u017e opuchy pier a pod. ka\u0161e\u013e\u00a0 aj bolesti po \u010drev\u00e1ch. Ja m\u00e1m aj histam\u00edn ve\u013ea vec\u00ed mi nerob\u00ed dobre tie\u017e SIBO. Dnes som bola na po\u0161te lebo mi pri\u0161li lieky na histam\u00edn objednala som ich cez DR. MAX nie\u010do silnej\u0161ie nako\u013eko som brala doteraz DAOSIN teraz budem u\u017e\u00edva\u0165 REVICOLIN. Mne je zle ke\u010f si ned\u00e1m liek a nie\u010do zjem \u010do nem\u00e1m. Ani \u0161portova\u0165 sa mi ned\u00e1 vtedy. Kto m\u00e1 siln\u00e9 alergie by bez liekov ani nemal \u0161portova\u0165 neodpor\u00fa\u010da sa. V\u010dera d\u00e1vali v TV spr\u00e1vach \u017ee do roku 2030 bude a\u017e 90 % \u013eud\u00ed trpie\u0165 r\u00f4znymi alergiami chor\u00fd svet. M\u00e1m aplik\u00e1ciu kvalita vzduchu aj ten je na 2 \u010di\u017ee nie kvalitn\u00fd sam\u00e9 exhal\u00e1ty CO2 v tej aplik\u00e1cii je cel\u00fd svet des ak\u00e9 vysok\u00e9 hodnoty s\u00fa v in\u00fdch krajin\u00e1ch my m\u00f4\u017eeme by\u0165 e\u0161te HAPPY. Inak by sme sa asi zadusili. M\u00e1m aplik\u00e1ciu aj alerg\u00e9ny \u010do moment\u00e1lne kvitne ja m\u00e1m na viac vec\u00ed alergie. My alergici by sme v\u017edy mali ma\u0165 ke\u010f sme vonku lieky \u010di kvapky po ruke . Ja aj ke\u010f trh\u00e1m bylinky vonku mus\u00edm ma\u0165 pri sebe ANTIHISTAMINKA\u00a0 nako\u013eko mi zvykne zovrie\u0165 hrdlo nem\u00f4\u017eem glga\u0165. Alergie je to na \u0161\u013eak trafenie.Ke\u010f ste siln\u00fd alergik m\u00f4\u017eete pri najhor\u0161om dosta\u0165 ANAFILAKTICKY SOK a to m\u00f4\u017ee kon\u010di\u0165 fat\u00e1lne . My \u010do sme alergici mus\u00edme si d\u00e1va\u0165 pozor v ka\u017edej situ\u00e1cii. Ja b\u00fdvam \u010dasto aj ve\u013emi unaven\u00e1 kv\u00f4li histam\u00ednu a in\u00e9. Ja aj ke\u010f pijem k\u00e1vu d\u00e1m si su\u0161en\u00e9 ovsen\u00e9 mlieko ja napr. nem\u00f4\u017eem ani lakt\u00f3zu. Pokia\u013e sa \u010dlovek nau\u010d\u00ed tak \u017ei\u0165 nejak\u00fa dobu to trv\u00e1 . Ke\u010f sa mi ob\u010das stalo \u017ee som nie\u010do zjedla no des prejavy. M\u00f4j odkaz na v\u0161etk\u00fdch d\u00e1vajme si pozor na seba zdravie m\u00e1me len jedno. To n\u00e1m nikto nezoberie. S\u00edce ani \u0161portom sa to nem\u00e1 prehna\u0165. Teraz v stredu je 1.5 je vo\u013eno sko\u010dme si do pr\u00edrody ale majme na pam\u00e4ti v\u017edy menej je viac netreba ni\u010d prehna\u0165 . Majme sa radi tak\u00fd ak\u00fd sme pom\u00e1hajme si navz\u00e1jom vytv\u00e1rajme skupiny \u010di n\u00e1s alergikov \u010di in\u00e9 skupiny VEGEN \u010di VEGETARIAN\u00a0 u\u017e\u00edvajme si \u017eivot pln\u00fdmi d\u00fa\u0161kami. P\u00f4jdem si uvari\u0165 obed m\u00e1m tam tofu s\u00fdr aj \u0161parg\u013eu a ry\u017eu. Som jeden \u010das robila aj v\u00fd\u017eivov\u00fa poradky\u0148u rada pom\u00f4\u017eem aj kto bude chcie\u0165 schudn\u00fa\u0165 aj v inom. Zdrav\u00e9 telo zdrav\u00fd duch. Bojujme.                                                                                                                                                                                                                                                                                                                                                                                        4.2\/5 - (20 votes)        "},{"@context":"https:\/\/schema.org\/","@type":"BreadcrumbList","itemListElement":[{"@type":"ListItem","position":1,"name":"Nepodajme sa k alergii bojujme","item":"https:\/\/www.deina.sk\/nepodajme-sa-k-alergii-bojujme\/#breadcrumbitem"}]}]